{"id":3978,"date":"2021-07-22T14:52:41","date_gmt":"2021-07-22T12:52:41","guid":{"rendered":"https:\/\/www.holzfeuerungen-schweiz.ch\/?p=3978"},"modified":"2021-07-22T14:52:41","modified_gmt":"2021-07-22T12:52:41","slug":"ja-komitee","status":"publish","type":"post","link":"https:\/\/www.holzfeuerungen-schweiz.ch\/fr\/ja-komitee","title":{"rendered":"JA &#8211; Komitee"},"content":{"rendered":"<p>Bald ist der Abstimmungstag f\u00fcr das CO2-Gesetz. Was ist zu tun?<\/p>\n<p>Wir wollen unsere Botschaften st\u00e4rker regionalisieren und mit mehr Testimonials pr\u00e4sent werden. Zudem m\u00fcssen wir uns inhaltlich auf die Kernbotschaft fokussieren, nach der die Schweizer Wirtschaft das CO<sub>2<\/sub>-Gesetz als wirtschaftsfreundlich, liberal und f\u00fcr die Innovation f\u00f6rderlich beurteilt. Das heisst, dass wir unsere Botschaften weiter zuspitzen wollen.<\/p>\n<p>Was k\u00f6nnen Sie dazu tun? Lesen Sie hier die Ausgabe 10 des Komitees;<\/p>\n<p><a href=\"https:\/\/mailchi.mp\/46c22e5fe643\/interne-kommunikation-co2-komitee-communication-interne-comit-co2-4963222?e=d2a50bbe46\" target=\"_blank\" rel=\"noopener\"><strong>Infomailing Ausgabe 10 CO2-Gesetz ja!<\/strong><\/a><\/p>\n<p>&nbsp;<\/p>\n<hr \/>\n<p>&nbsp;<\/p>\n","protected":false},"excerpt":{"rendered":"<p>Bald ist der Abstimmungstag f\u00fcr das CO2-Gesetz. Was ist zu tun? Wir wollen unsere Botschaften st\u00e4rker regionalisieren und mit mehr Testimonials pr\u00e4sent werden. Zudem m\u00fcssen wir uns inhaltlich auf die Kernbotschaft fokussieren, nach der die Schweizer Wirtschaft das CO2-Gesetz als wirtschaftsfreundlich, liberal und f\u00fcr die Innovation f\u00f6rderlich beurteilt. Das heisst, <a class=\"moretag\" href=\"https:\/\/www.holzfeuerungen-schweiz.ch\/fr\/ja-komitee\">read more&#8230;<\/a><\/p>\n","protected":false},"author":6,"featured_media":3796,"comment_status":"open","ping_status":"open","sticky":false,"template":"","format":"standard","meta":{"_acf_changed":false,"footnotes":"","_links_to":"","_links_to_target":""},"categories":[],"tags":[],"class_list":["post-3978","post","type-post","status-publish","format-standard","has-post-thumbnail","hentry"],"acf":[],"yoast_head":"<!-- This site is optimized with the Yoast SEO plugin v27.5 - https:\/\/yoast.com\/product\/yoast-seo-wordpress\/ -->\n<title>JA - Komitee - Holzfeuerungen Schweiz<\/title>\n<meta name=\"robots\" content=\"index, follow, max-snippet:-1, max-image-preview:large, max-video-preview:-1\" \/>\n<link rel=\"canonical\" href=\"https:\/\/www.holzfeuerungen-schweiz.ch\/fr\/ja-komitee\" \/>\n<meta property=\"og:locale\" content=\"fr_FR\" \/>\n<meta property=\"og:type\" content=\"article\" \/>\n<meta property=\"og:title\" content=\"JA - Komitee - Holzfeuerungen Schweiz\" \/>\n<meta property=\"og:description\" content=\"Bald ist der Abstimmungstag f\u00fcr das CO2-Gesetz. Was ist zu tun? Wir wollen unsere Botschaften st\u00e4rker regionalisieren und mit mehr Testimonials pr\u00e4sent werden. Zudem m\u00fcssen wir uns inhaltlich auf die Kernbotschaft fokussieren, nach der die Schweizer Wirtschaft das CO2-Gesetz als wirtschaftsfreundlich, liberal und f\u00fcr die Innovation f\u00f6rderlich beurteilt. Das heisst, read more...\" \/>\n<meta property=\"og:url\" content=\"https:\/\/www.holzfeuerungen-schweiz.ch\/fr\/ja-komitee\" \/>\n<meta property=\"og:site_name\" content=\"Holzfeuerungen Schweiz\" \/>\n<meta property=\"article:publisher\" content=\"https:\/\/www.facebook.com\/Holzfeuerungen-Schweiz-107491968216764\" \/>\n<meta property=\"article:published_time\" content=\"2021-07-22T12:52:41+00:00\" \/>\n<meta property=\"og:image\" content=\"https:\/\/www.holzfeuerungen-schweiz.ch\/wp-content\/uploads\/2016\/07\/infomail-komitees-co2b-1.png\" \/>\n\t<meta property=\"og:image:width\" content=\"640\" \/>\n\t<meta property=\"og:image:height\" content=\"360\" \/>\n\t<meta property=\"og:image:type\" content=\"image\/png\" \/>\n<meta name=\"author\" content=\"sfih-holz\" \/>\n<meta name=\"twitter:card\" content=\"summary_large_image\" \/>\n<meta name=\"twitter:label1\" content=\"\u00c9crit par\" \/>\n\t<meta name=\"twitter:data1\" content=\"sfih-holz\" \/>\n\t<meta name=\"twitter:label2\" content=\"Dur\u00e9e de lecture estim\u00e9e\" \/>\n\t<meta name=\"twitter:data2\" content=\"1 minute\" \/>\n<script type=\"application\/ld+json\" class=\"yoast-schema-graph\">{\"@context\":\"https:\\\/\\\/schema.org\",\"@graph\":[{\"@type\":\"Article\",\"@id\":\"https:\\\/\\\/www.holzfeuerungen-schweiz.ch\\\/fr\\\/ja-komitee#article\",\"isPartOf\":{\"@id\":\"https:\\\/\\\/www.holzfeuerungen-schweiz.ch\\\/fr\\\/ja-komitee\"},\"author\":{\"name\":\"sfih-holz\",\"@id\":\"https:\\\/\\\/www.holzfeuerungen-schweiz.ch\\\/fr\\\/#\\\/schema\\\/person\\\/4e90059ee188f07edbf2c48059df57d3\"},\"headline\":\"JA &#8211; Komitee\",\"datePublished\":\"2021-07-22T12:52:41+00:00\",\"mainEntityOfPage\":{\"@id\":\"https:\\\/\\\/www.holzfeuerungen-schweiz.ch\\\/fr\\\/ja-komitee\"},\"wordCount\":88,\"commentCount\":0,\"publisher\":{\"@id\":\"https:\\\/\\\/www.holzfeuerungen-schweiz.ch\\\/fr\\\/#organization\"},\"image\":{\"@id\":\"https:\\\/\\\/www.holzfeuerungen-schweiz.ch\\\/fr\\\/ja-komitee#primaryimage\"},\"thumbnailUrl\":\"https:\\\/\\\/www.holzfeuerungen-schweiz.ch\\\/wp-content\\\/uploads\\\/2016\\\/07\\\/infomail-komitees-co2b-1.png\",\"inLanguage\":\"fr-FR\",\"potentialAction\":[{\"@type\":\"CommentAction\",\"name\":\"Comment\",\"target\":[\"https:\\\/\\\/www.holzfeuerungen-schweiz.ch\\\/fr\\\/ja-komitee#respond\"]}]},{\"@type\":\"WebPage\",\"@id\":\"https:\\\/\\\/www.holzfeuerungen-schweiz.ch\\\/fr\\\/ja-komitee\",\"url\":\"https:\\\/\\\/www.holzfeuerungen-schweiz.ch\\\/fr\\\/ja-komitee\",\"name\":\"JA - Komitee - Holzfeuerungen Schweiz\",\"isPartOf\":{\"@id\":\"https:\\\/\\\/www.holzfeuerungen-schweiz.ch\\\/fr\\\/#website\"},\"primaryImageOfPage\":{\"@id\":\"https:\\\/\\\/www.holzfeuerungen-schweiz.ch\\\/fr\\\/ja-komitee#primaryimage\"},\"image\":{\"@id\":\"https:\\\/\\\/www.holzfeuerungen-schweiz.ch\\\/fr\\\/ja-komitee#primaryimage\"},\"thumbnailUrl\":\"https:\\\/\\\/www.holzfeuerungen-schweiz.ch\\\/wp-content\\\/uploads\\\/2016\\\/07\\\/infomail-komitees-co2b-1.png\",\"datePublished\":\"2021-07-22T12:52:41+00:00\",\"breadcrumb\":{\"@id\":\"https:\\\/\\\/www.holzfeuerungen-schweiz.ch\\\/fr\\\/ja-komitee#breadcrumb\"},\"inLanguage\":\"fr-FR\",\"potentialAction\":[{\"@type\":\"ReadAction\",\"target\":[\"https:\\\/\\\/www.holzfeuerungen-schweiz.ch\\\/fr\\\/ja-komitee\"]}]},{\"@type\":\"ImageObject\",\"inLanguage\":\"fr-FR\",\"@id\":\"https:\\\/\\\/www.holzfeuerungen-schweiz.ch\\\/fr\\\/ja-komitee#primaryimage\",\"url\":\"https:\\\/\\\/www.holzfeuerungen-schweiz.ch\\\/wp-content\\\/uploads\\\/2016\\\/07\\\/infomail-komitees-co2b-1.png\",\"contentUrl\":\"https:\\\/\\\/www.holzfeuerungen-schweiz.ch\\\/wp-content\\\/uploads\\\/2016\\\/07\\\/infomail-komitees-co2b-1.png\",\"width\":640,\"height\":360},{\"@type\":\"BreadcrumbList\",\"@id\":\"https:\\\/\\\/www.holzfeuerungen-schweiz.ch\\\/fr\\\/ja-komitee#breadcrumb\",\"itemListElement\":[{\"@type\":\"ListItem\",\"position\":1,\"name\":\"Startseite\",\"item\":\"https:\\\/\\\/www.holzfeuerungen-schweiz.ch\\\/fr\"},{\"@type\":\"ListItem\",\"position\":2,\"name\":\"JA &#8211; Komitee\"}]},{\"@type\":\"WebSite\",\"@id\":\"https:\\\/\\\/www.holzfeuerungen-schweiz.ch\\\/fr\\\/#website\",\"url\":\"https:\\\/\\\/www.holzfeuerungen-schweiz.ch\\\/fr\\\/\",\"name\":\"Holzfeuerungen Schweiz\",\"description\":\"\",\"publisher\":{\"@id\":\"https:\\\/\\\/www.holzfeuerungen-schweiz.ch\\\/fr\\\/#organization\"},\"potentialAction\":[{\"@type\":\"SearchAction\",\"target\":{\"@type\":\"EntryPoint\",\"urlTemplate\":\"https:\\\/\\\/www.holzfeuerungen-schweiz.ch\\\/fr\\\/?s={search_term_string}\"},\"query-input\":{\"@type\":\"PropertyValueSpecification\",\"valueRequired\":true,\"valueName\":\"search_term_string\"}}],\"inLanguage\":\"fr-FR\"},{\"@type\":\"Organization\",\"@id\":\"https:\\\/\\\/www.holzfeuerungen-schweiz.ch\\\/fr\\\/#organization\",\"name\":\"Holzfeuerungen Schweiz\",\"url\":\"https:\\\/\\\/www.holzfeuerungen-schweiz.ch\\\/fr\\\/\",\"logo\":{\"@type\":\"ImageObject\",\"inLanguage\":\"fr-FR\",\"@id\":\"https:\\\/\\\/www.holzfeuerungen-schweiz.ch\\\/fr\\\/#\\\/schema\\\/logo\\\/image\\\/\",\"url\":\"https:\\\/\\\/www.holzfeuerungen-schweiz.ch\\\/wp-content\\\/uploads\\\/2016\\\/04\\\/logo-holzfeuerungen-schweiz-300-dpi.png\",\"contentUrl\":\"https:\\\/\\\/www.holzfeuerungen-schweiz.ch\\\/wp-content\\\/uploads\\\/2016\\\/04\\\/logo-holzfeuerungen-schweiz-300-dpi.png\",\"width\":2052,\"height\":1280,\"caption\":\"Holzfeuerungen Schweiz\"},\"image\":{\"@id\":\"https:\\\/\\\/www.holzfeuerungen-schweiz.ch\\\/fr\\\/#\\\/schema\\\/logo\\\/image\\\/\"},\"sameAs\":[\"https:\\\/\\\/www.facebook.com\\\/Holzfeuerungen-Schweiz-107491968216764\",\"https:\\\/\\\/www.linkedin.com\\\/company\\\/74027423\\\/admin\\\/\",\"https:\\\/\\\/www.youtube.com\\\/watch?v=bvRtbBWWWrU\"]},{\"@type\":\"Person\",\"@id\":\"https:\\\/\\\/www.holzfeuerungen-schweiz.ch\\\/fr\\\/#\\\/schema\\\/person\\\/4e90059ee188f07edbf2c48059df57d3\",\"name\":\"sfih-holz\",\"image\":{\"@type\":\"ImageObject\",\"inLanguage\":\"fr-FR\",\"@id\":\"https:\\\/\\\/secure.gravatar.com\\\/avatar\\\/e92129ee3e54eb32ec690a01f73d3fdc3aea4863039355dabfba6ff94d844b46?s=96&d=mm&r=g\",\"url\":\"https:\\\/\\\/secure.gravatar.com\\\/avatar\\\/e92129ee3e54eb32ec690a01f73d3fdc3aea4863039355dabfba6ff94d844b46?s=96&d=mm&r=g\",\"contentUrl\":\"https:\\\/\\\/secure.gravatar.com\\\/avatar\\\/e92129ee3e54eb32ec690a01f73d3fdc3aea4863039355dabfba6ff94d844b46?s=96&d=mm&r=g\",\"caption\":\"sfih-holz\"},\"url\":\"https:\\\/\\\/www.holzfeuerungen-schweiz.ch\\\/fr\\\/author\\\/sfih-holz\"}]}<\/script>\n<!-- \/ Yoast SEO plugin. -->","yoast_head_json":{"title":"JA - Komitee - Holzfeuerungen Schweiz","robots":{"index":"index","follow":"follow","max-snippet":"max-snippet:-1","max-image-preview":"max-image-preview:large","max-video-preview":"max-video-preview:-1"},"canonical":"https:\/\/www.holzfeuerungen-schweiz.ch\/fr\/ja-komitee","og_locale":"fr_FR","og_type":"article","og_title":"JA - Komitee - Holzfeuerungen Schweiz","og_description":"Bald ist der Abstimmungstag f\u00fcr das CO2-Gesetz. Was ist zu tun? Wir wollen unsere Botschaften st\u00e4rker regionalisieren und mit mehr Testimonials pr\u00e4sent werden. Zudem m\u00fcssen wir uns inhaltlich auf die Kernbotschaft fokussieren, nach der die Schweizer Wirtschaft das CO2-Gesetz als wirtschaftsfreundlich, liberal und f\u00fcr die Innovation f\u00f6rderlich beurteilt. Das heisst, read more...","og_url":"https:\/\/www.holzfeuerungen-schweiz.ch\/fr\/ja-komitee","og_site_name":"Holzfeuerungen Schweiz","article_publisher":"https:\/\/www.facebook.com\/Holzfeuerungen-Schweiz-107491968216764","article_published_time":"2021-07-22T12:52:41+00:00","og_image":[{"width":640,"height":360,"url":"https:\/\/www.holzfeuerungen-schweiz.ch\/wp-content\/uploads\/2016\/07\/infomail-komitees-co2b-1.png","type":"image\/png"}],"author":"sfih-holz","twitter_card":"summary_large_image","twitter_misc":{"\u00c9crit par":"sfih-holz","Dur\u00e9e de lecture estim\u00e9e":"1 minute"},"schema":{"@context":"https:\/\/schema.org","@graph":[{"@type":"Article","@id":"https:\/\/www.holzfeuerungen-schweiz.ch\/fr\/ja-komitee#article","isPartOf":{"@id":"https:\/\/www.holzfeuerungen-schweiz.ch\/fr\/ja-komitee"},"author":{"name":"sfih-holz","@id":"https:\/\/www.holzfeuerungen-schweiz.ch\/fr\/#\/schema\/person\/4e90059ee188f07edbf2c48059df57d3"},"headline":"JA &#8211; Komitee","datePublished":"2021-07-22T12:52:41+00:00","mainEntityOfPage":{"@id":"https:\/\/www.holzfeuerungen-schweiz.ch\/fr\/ja-komitee"},"wordCount":88,"commentCount":0,"publisher":{"@id":"https:\/\/www.holzfeuerungen-schweiz.ch\/fr\/#organization"},"image":{"@id":"https:\/\/www.holzfeuerungen-schweiz.ch\/fr\/ja-komitee#primaryimage"},"thumbnailUrl":"https:\/\/www.holzfeuerungen-schweiz.ch\/wp-content\/uploads\/2016\/07\/infomail-komitees-co2b-1.png","inLanguage":"fr-FR","potentialAction":[{"@type":"CommentAction","name":"Comment","target":["https:\/\/www.holzfeuerungen-schweiz.ch\/fr\/ja-komitee#respond"]}]},{"@type":"WebPage","@id":"https:\/\/www.holzfeuerungen-schweiz.ch\/fr\/ja-komitee","url":"https:\/\/www.holzfeuerungen-schweiz.ch\/fr\/ja-komitee","name":"JA - Komitee - Holzfeuerungen Schweiz","isPartOf":{"@id":"https:\/\/www.holzfeuerungen-schweiz.ch\/fr\/#website"},"primaryImageOfPage":{"@id":"https:\/\/www.holzfeuerungen-schweiz.ch\/fr\/ja-komitee#primaryimage"},"image":{"@id":"https:\/\/www.holzfeuerungen-schweiz.ch\/fr\/ja-komitee#primaryimage"},"thumbnailUrl":"https:\/\/www.holzfeuerungen-schweiz.ch\/wp-content\/uploads\/2016\/07\/infomail-komitees-co2b-1.png","datePublished":"2021-07-22T12:52:41+00:00","breadcrumb":{"@id":"https:\/\/www.holzfeuerungen-schweiz.ch\/fr\/ja-komitee#breadcrumb"},"inLanguage":"fr-FR","potentialAction":[{"@type":"ReadAction","target":["https:\/\/www.holzfeuerungen-schweiz.ch\/fr\/ja-komitee"]}]},{"@type":"ImageObject","inLanguage":"fr-FR","@id":"https:\/\/www.holzfeuerungen-schweiz.ch\/fr\/ja-komitee#primaryimage","url":"https:\/\/www.holzfeuerungen-schweiz.ch\/wp-content\/uploads\/2016\/07\/infomail-komitees-co2b-1.png","contentUrl":"https:\/\/www.holzfeuerungen-schweiz.ch\/wp-content\/uploads\/2016\/07\/infomail-komitees-co2b-1.png","width":640,"height":360},{"@type":"BreadcrumbList","@id":"https:\/\/www.holzfeuerungen-schweiz.ch\/fr\/ja-komitee#breadcrumb","itemListElement":[{"@type":"ListItem","position":1,"name":"Startseite","item":"https:\/\/www.holzfeuerungen-schweiz.ch\/fr"},{"@type":"ListItem","position":2,"name":"JA &#8211; Komitee"}]},{"@type":"WebSite","@id":"https:\/\/www.holzfeuerungen-schweiz.ch\/fr\/#website","url":"https:\/\/www.holzfeuerungen-schweiz.ch\/fr\/","name":"Holzfeuerungen Schweiz","description":"","publisher":{"@id":"https:\/\/www.holzfeuerungen-schweiz.ch\/fr\/#organization"},"potentialAction":[{"@type":"SearchAction","target":{"@type":"EntryPoint","urlTemplate":"https:\/\/www.holzfeuerungen-schweiz.ch\/fr\/?s={search_term_string}"},"query-input":{"@type":"PropertyValueSpecification","valueRequired":true,"valueName":"search_term_string"}}],"inLanguage":"fr-FR"},{"@type":"Organization","@id":"https:\/\/www.holzfeuerungen-schweiz.ch\/fr\/#organization","name":"Holzfeuerungen Schweiz","url":"https:\/\/www.holzfeuerungen-schweiz.ch\/fr\/","logo":{"@type":"ImageObject","inLanguage":"fr-FR","@id":"https:\/\/www.holzfeuerungen-schweiz.ch\/fr\/#\/schema\/logo\/image\/","url":"https:\/\/www.holzfeuerungen-schweiz.ch\/wp-content\/uploads\/2016\/04\/logo-holzfeuerungen-schweiz-300-dpi.png","contentUrl":"https:\/\/www.holzfeuerungen-schweiz.ch\/wp-content\/uploads\/2016\/04\/logo-holzfeuerungen-schweiz-300-dpi.png","width":2052,"height":1280,"caption":"Holzfeuerungen Schweiz"},"image":{"@id":"https:\/\/www.holzfeuerungen-schweiz.ch\/fr\/#\/schema\/logo\/image\/"},"sameAs":["https:\/\/www.facebook.com\/Holzfeuerungen-Schweiz-107491968216764","https:\/\/www.linkedin.com\/company\/74027423\/admin\/","https:\/\/www.youtube.com\/watch?v=bvRtbBWWWrU"]},{"@type":"Person","@id":"https:\/\/www.holzfeuerungen-schweiz.ch\/fr\/#\/schema\/person\/4e90059ee188f07edbf2c48059df57d3","name":"sfih-holz","image":{"@type":"ImageObject","inLanguage":"fr-FR","@id":"https:\/\/secure.gravatar.com\/avatar\/e92129ee3e54eb32ec690a01f73d3fdc3aea4863039355dabfba6ff94d844b46?s=96&d=mm&r=g","url":"https:\/\/secure.gravatar.com\/avatar\/e92129ee3e54eb32ec690a01f73d3fdc3aea4863039355dabfba6ff94d844b46?s=96&d=mm&r=g","contentUrl":"https:\/\/secure.gravatar.com\/avatar\/e92129ee3e54eb32ec690a01f73d3fdc3aea4863039355dabfba6ff94d844b46?s=96&d=mm&r=g","caption":"sfih-holz"},"url":"https:\/\/www.holzfeuerungen-schweiz.ch\/fr\/author\/sfih-holz"}]}},"_links":{"self":[{"href":"https:\/\/www.holzfeuerungen-schweiz.ch\/fr\/wp-json\/wp\/v2\/posts\/3978","targetHints":{"allow":["GET"]}}],"collection":[{"href":"https:\/\/www.holzfeuerungen-schweiz.ch\/fr\/wp-json\/wp\/v2\/posts"}],"about":[{"href":"https:\/\/www.holzfeuerungen-schweiz.ch\/fr\/wp-json\/wp\/v2\/types\/post"}],"author":[{"embeddable":true,"href":"https:\/\/www.holzfeuerungen-schweiz.ch\/fr\/wp-json\/wp\/v2\/users\/6"}],"replies":[{"embeddable":true,"href":"https:\/\/www.holzfeuerungen-schweiz.ch\/fr\/wp-json\/wp\/v2\/comments?post=3978"}],"version-history":[{"count":1,"href":"https:\/\/www.holzfeuerungen-schweiz.ch\/fr\/wp-json\/wp\/v2\/posts\/3978\/revisions"}],"predecessor-version":[{"id":3979,"href":"https:\/\/www.holzfeuerungen-schweiz.ch\/fr\/wp-json\/wp\/v2\/posts\/3978\/revisions\/3979"}],"wp:featuredmedia":[{"embeddable":true,"href":"https:\/\/www.holzfeuerungen-schweiz.ch\/fr\/wp-json\/wp\/v2\/media\/3796"}],"wp:attachment":[{"href":"https:\/\/www.holzfeuerungen-schweiz.ch\/fr\/wp-json\/wp\/v2\/media?parent=3978"}],"wp:term":[{"taxonomy":"category","embeddable":true,"href":"https:\/\/www.holzfeuerungen-schweiz.ch\/fr\/wp-json\/wp\/v2\/categories?post=3978"},{"taxonomy":"post_tag","embeddable":true,"href":"https:\/\/www.holzfeuerungen-schweiz.ch\/fr\/wp-json\/wp\/v2\/tags?post=3978"}],"curies":[{"name":"wp","href":"https:\/\/api.w.org\/{rel}","templated":true}]}}