{"id":4561,"date":"2022-01-13T12:12:44","date_gmt":"2022-01-13T11:12:44","guid":{"rendered":"https:\/\/www.holzfeuerungen-schweiz.ch\/?p=4561"},"modified":"2022-01-13T13:19:07","modified_gmt":"2022-01-13T12:19:07","slug":"konrad-imbach-holzenergie-erleichtert-die-energiewende-2","status":"publish","type":"post","link":"https:\/\/www.holzfeuerungen-schweiz.ch\/fr\/konrad-imbach-holzenergie-erleichtert-die-energiewende-2","title":{"rendered":"Konrad Imbach explique le r\u00f4le du bois pour la transition \u00e9nerg\u00e9tique"},"content":{"rendered":"<p>Le bois-\u00e9nergie a gagn\u00e9 en actualit\u00e9 dans la discussion sur le r\u00e9chauffement climatique, la p\u00e9nurie d\u2019\u00e9lectricit\u00e9 en hiver et la transition \u00e9nerg\u00e9tique. Konrad Imbach, pr\u00e9sident de l\u2019association Energie-bois Suisse, se d\u00e9voue sans rel\u00e2che au d\u00e9veloppement de la deuxi\u00e8me plus importante ressource \u00e9nerg\u00e9tique du pays. Dans cet entretien, il souligne le r\u00f4le important jou\u00e9 par le bois-\u00e9nergie pour que la Suisse atteigne ses objectifs politiques en mati\u00e8re d\u2019approvisionnement \u00e9nerg\u00e9tique et de protection du climat.<\/p>\n<p><img loading=\"lazy\" decoding=\"async\" class=\"wp-image-4439 alignleft\" src=\"https:\/\/www.holzfeuerungen-schweiz.ch\/wp-content\/uploads\/2016\/07\/koni-schmal-hoch-1-scaled-e1639063014907.jpg\" alt=\"\" width=\"218\" height=\"280\" \/><\/p>\n<p>&nbsp;<\/p>\n<p>&nbsp;<\/p>\n<p><a href=\"https:\/\/www.holzfeuerungen-schweiz.ch\/wp-content\/uploads\/2016\/07\/220110_Interview_Imbach_f.pdf\" target=\"_blank\" rel=\"noopener\">220110_Interview avec Konrad Imbach<\/a><\/p>\n","protected":false},"excerpt":{"rendered":"<p>Le bois-\u00e9nergie a gagn\u00e9 en actualit\u00e9 dans la discussion sur le r\u00e9chauffement climatique, la p\u00e9nurie d\u2019\u00e9lectricit\u00e9 en hiver et la transition \u00e9nerg\u00e9tique. Konrad Imbach, pr\u00e9sident de l\u2019association Energie-bois Suisse, se d\u00e9voue sans rel\u00e2che au d\u00e9veloppement de la deuxi\u00e8me plus importante ressource \u00e9nerg\u00e9tique du pays. Dans cet entretien, il souligne le <a class=\"moretag\" href=\"https:\/\/www.holzfeuerungen-schweiz.ch\/fr\/konrad-imbach-holzenergie-erleichtert-die-energiewende-2\">read more&#8230;<\/a><\/p>\n","protected":false},"author":6,"featured_media":4556,"comment_status":"open","ping_status":"open","sticky":false,"template":"","format":"standard","meta":{"_acf_changed":false,"footnotes":"","_links_to":"","_links_to_target":""},"categories":[],"tags":[],"class_list":["post-4561","post","type-post","status-publish","format-standard","has-post-thumbnail","hentry"],"acf":[],"yoast_head":"<!-- This site is optimized with the Yoast SEO plugin v27.5 - https:\/\/yoast.com\/product\/yoast-seo-wordpress\/ -->\n<title>Konrad Imbach explique le r\u00f4le du bois pour la transition \u00e9nerg\u00e9tique - Holzfeuerungen Schweiz<\/title>\n<meta name=\"robots\" content=\"index, follow, max-snippet:-1, max-image-preview:large, max-video-preview:-1\" \/>\n<link rel=\"canonical\" href=\"https:\/\/www.holzfeuerungen-schweiz.ch\/fr\/konrad-imbach-holzenergie-erleichtert-die-energiewende-2\" \/>\n<meta property=\"og:locale\" content=\"fr_FR\" \/>\n<meta property=\"og:type\" content=\"article\" \/>\n<meta property=\"og:title\" content=\"Konrad Imbach explique le r\u00f4le du bois pour la transition \u00e9nerg\u00e9tique - Holzfeuerungen Schweiz\" \/>\n<meta property=\"og:description\" content=\"Le bois-\u00e9nergie a gagn\u00e9 en actualit\u00e9 dans la discussion sur le r\u00e9chauffement climatique, la p\u00e9nurie d\u2019\u00e9lectricit\u00e9 en hiver et la transition \u00e9nerg\u00e9tique. Konrad Imbach, pr\u00e9sident de l\u2019association Energie-bois Suisse, se d\u00e9voue sans rel\u00e2che au d\u00e9veloppement de la deuxi\u00e8me plus importante ressource \u00e9nerg\u00e9tique du pays. Dans cet entretien, il souligne le read more...\" \/>\n<meta property=\"og:url\" content=\"https:\/\/www.holzfeuerungen-schweiz.ch\/fr\/konrad-imbach-holzenergie-erleichtert-die-energiewende-2\" \/>\n<meta property=\"og:site_name\" content=\"Holzfeuerungen Schweiz\" \/>\n<meta property=\"article:publisher\" content=\"https:\/\/www.facebook.com\/Holzfeuerungen-Schweiz-107491968216764\" \/>\n<meta property=\"article:published_time\" content=\"2022-01-13T11:12:44+00:00\" \/>\n<meta property=\"article:modified_time\" content=\"2022-01-13T12:19:07+00:00\" \/>\n<meta property=\"og:image\" content=\"https:\/\/www.holzfeuerungen-schweiz.ch\/wp-content\/uploads\/2016\/07\/220110-heizzentrale-taegerwilen-1.jpg\" \/>\n\t<meta property=\"og:image:width\" content=\"640\" \/>\n\t<meta property=\"og:image:height\" content=\"360\" \/>\n\t<meta property=\"og:image:type\" content=\"image\/jpeg\" \/>\n<meta name=\"author\" content=\"sfih-holz\" \/>\n<meta name=\"twitter:card\" content=\"summary_large_image\" \/>\n<meta name=\"twitter:label1\" content=\"\u00c9crit par\" \/>\n\t<meta name=\"twitter:data1\" content=\"sfih-holz\" \/>\n<script type=\"application\/ld+json\" class=\"yoast-schema-graph\">{\"@context\":\"https:\\\/\\\/schema.org\",\"@graph\":[{\"@type\":\"Article\",\"@id\":\"https:\\\/\\\/www.holzfeuerungen-schweiz.ch\\\/fr\\\/konrad-imbach-holzenergie-erleichtert-die-energiewende-2#article\",\"isPartOf\":{\"@id\":\"https:\\\/\\\/www.holzfeuerungen-schweiz.ch\\\/fr\\\/konrad-imbach-holzenergie-erleichtert-die-energiewende-2\"},\"author\":{\"name\":\"sfih-holz\",\"@id\":\"https:\\\/\\\/www.holzfeuerungen-schweiz.ch\\\/fr\\\/#\\\/schema\\\/person\\\/4e90059ee188f07edbf2c48059df57d3\"},\"headline\":\"Konrad Imbach explique le r\u00f4le du bois pour la transition \u00e9nerg\u00e9tique\",\"datePublished\":\"2022-01-13T11:12:44+00:00\",\"dateModified\":\"2022-01-13T12:19:07+00:00\",\"mainEntityOfPage\":{\"@id\":\"https:\\\/\\\/www.holzfeuerungen-schweiz.ch\\\/fr\\\/konrad-imbach-holzenergie-erleichtert-die-energiewende-2\"},\"wordCount\":109,\"commentCount\":0,\"publisher\":{\"@id\":\"https:\\\/\\\/www.holzfeuerungen-schweiz.ch\\\/fr\\\/#organization\"},\"image\":{\"@id\":\"https:\\\/\\\/www.holzfeuerungen-schweiz.ch\\\/fr\\\/konrad-imbach-holzenergie-erleichtert-die-energiewende-2#primaryimage\"},\"thumbnailUrl\":\"https:\\\/\\\/www.holzfeuerungen-schweiz.ch\\\/wp-content\\\/uploads\\\/2016\\\/07\\\/220110-heizzentrale-taegerwilen-1.jpg\",\"inLanguage\":\"fr-FR\",\"potentialAction\":[{\"@type\":\"CommentAction\",\"name\":\"Comment\",\"target\":[\"https:\\\/\\\/www.holzfeuerungen-schweiz.ch\\\/fr\\\/konrad-imbach-holzenergie-erleichtert-die-energiewende-2#respond\"]}]},{\"@type\":\"WebPage\",\"@id\":\"https:\\\/\\\/www.holzfeuerungen-schweiz.ch\\\/fr\\\/konrad-imbach-holzenergie-erleichtert-die-energiewende-2\",\"url\":\"https:\\\/\\\/www.holzfeuerungen-schweiz.ch\\\/fr\\\/konrad-imbach-holzenergie-erleichtert-die-energiewende-2\",\"name\":\"Konrad Imbach explique le r\u00f4le du bois pour la transition \u00e9nerg\u00e9tique - Holzfeuerungen Schweiz\",\"isPartOf\":{\"@id\":\"https:\\\/\\\/www.holzfeuerungen-schweiz.ch\\\/fr\\\/#website\"},\"primaryImageOfPage\":{\"@id\":\"https:\\\/\\\/www.holzfeuerungen-schweiz.ch\\\/fr\\\/konrad-imbach-holzenergie-erleichtert-die-energiewende-2#primaryimage\"},\"image\":{\"@id\":\"https:\\\/\\\/www.holzfeuerungen-schweiz.ch\\\/fr\\\/konrad-imbach-holzenergie-erleichtert-die-energiewende-2#primaryimage\"},\"thumbnailUrl\":\"https:\\\/\\\/www.holzfeuerungen-schweiz.ch\\\/wp-content\\\/uploads\\\/2016\\\/07\\\/220110-heizzentrale-taegerwilen-1.jpg\",\"datePublished\":\"2022-01-13T11:12:44+00:00\",\"dateModified\":\"2022-01-13T12:19:07+00:00\",\"breadcrumb\":{\"@id\":\"https:\\\/\\\/www.holzfeuerungen-schweiz.ch\\\/fr\\\/konrad-imbach-holzenergie-erleichtert-die-energiewende-2#breadcrumb\"},\"inLanguage\":\"fr-FR\",\"potentialAction\":[{\"@type\":\"ReadAction\",\"target\":[\"https:\\\/\\\/www.holzfeuerungen-schweiz.ch\\\/fr\\\/konrad-imbach-holzenergie-erleichtert-die-energiewende-2\"]}]},{\"@type\":\"ImageObject\",\"inLanguage\":\"fr-FR\",\"@id\":\"https:\\\/\\\/www.holzfeuerungen-schweiz.ch\\\/fr\\\/konrad-imbach-holzenergie-erleichtert-die-energiewende-2#primaryimage\",\"url\":\"https:\\\/\\\/www.holzfeuerungen-schweiz.ch\\\/wp-content\\\/uploads\\\/2016\\\/07\\\/220110-heizzentrale-taegerwilen-1.jpg\",\"contentUrl\":\"https:\\\/\\\/www.holzfeuerungen-schweiz.ch\\\/wp-content\\\/uploads\\\/2016\\\/07\\\/220110-heizzentrale-taegerwilen-1.jpg\",\"width\":640,\"height\":360},{\"@type\":\"BreadcrumbList\",\"@id\":\"https:\\\/\\\/www.holzfeuerungen-schweiz.ch\\\/fr\\\/konrad-imbach-holzenergie-erleichtert-die-energiewende-2#breadcrumb\",\"itemListElement\":[{\"@type\":\"ListItem\",\"position\":1,\"name\":\"Startseite\",\"item\":\"https:\\\/\\\/www.holzfeuerungen-schweiz.ch\\\/fr\"},{\"@type\":\"ListItem\",\"position\":2,\"name\":\"Konrad Imbach explique le r\u00f4le du bois pour la transition \u00e9nerg\u00e9tique\"}]},{\"@type\":\"WebSite\",\"@id\":\"https:\\\/\\\/www.holzfeuerungen-schweiz.ch\\\/fr\\\/#website\",\"url\":\"https:\\\/\\\/www.holzfeuerungen-schweiz.ch\\\/fr\\\/\",\"name\":\"Holzfeuerungen Schweiz\",\"description\":\"\",\"publisher\":{\"@id\":\"https:\\\/\\\/www.holzfeuerungen-schweiz.ch\\\/fr\\\/#organization\"},\"potentialAction\":[{\"@type\":\"SearchAction\",\"target\":{\"@type\":\"EntryPoint\",\"urlTemplate\":\"https:\\\/\\\/www.holzfeuerungen-schweiz.ch\\\/fr\\\/?s={search_term_string}\"},\"query-input\":{\"@type\":\"PropertyValueSpecification\",\"valueRequired\":true,\"valueName\":\"search_term_string\"}}],\"inLanguage\":\"fr-FR\"},{\"@type\":\"Organization\",\"@id\":\"https:\\\/\\\/www.holzfeuerungen-schweiz.ch\\\/fr\\\/#organization\",\"name\":\"Holzfeuerungen Schweiz\",\"url\":\"https:\\\/\\\/www.holzfeuerungen-schweiz.ch\\\/fr\\\/\",\"logo\":{\"@type\":\"ImageObject\",\"inLanguage\":\"fr-FR\",\"@id\":\"https:\\\/\\\/www.holzfeuerungen-schweiz.ch\\\/fr\\\/#\\\/schema\\\/logo\\\/image\\\/\",\"url\":\"https:\\\/\\\/www.holzfeuerungen-schweiz.ch\\\/wp-content\\\/uploads\\\/2016\\\/04\\\/logo-holzfeuerungen-schweiz-300-dpi.png\",\"contentUrl\":\"https:\\\/\\\/www.holzfeuerungen-schweiz.ch\\\/wp-content\\\/uploads\\\/2016\\\/04\\\/logo-holzfeuerungen-schweiz-300-dpi.png\",\"width\":2052,\"height\":1280,\"caption\":\"Holzfeuerungen Schweiz\"},\"image\":{\"@id\":\"https:\\\/\\\/www.holzfeuerungen-schweiz.ch\\\/fr\\\/#\\\/schema\\\/logo\\\/image\\\/\"},\"sameAs\":[\"https:\\\/\\\/www.facebook.com\\\/Holzfeuerungen-Schweiz-107491968216764\",\"https:\\\/\\\/www.linkedin.com\\\/company\\\/74027423\\\/admin\\\/\",\"https:\\\/\\\/www.youtube.com\\\/watch?v=bvRtbBWWWrU\"]},{\"@type\":\"Person\",\"@id\":\"https:\\\/\\\/www.holzfeuerungen-schweiz.ch\\\/fr\\\/#\\\/schema\\\/person\\\/4e90059ee188f07edbf2c48059df57d3\",\"name\":\"sfih-holz\",\"image\":{\"@type\":\"ImageObject\",\"inLanguage\":\"fr-FR\",\"@id\":\"https:\\\/\\\/secure.gravatar.com\\\/avatar\\\/e92129ee3e54eb32ec690a01f73d3fdc3aea4863039355dabfba6ff94d844b46?s=96&d=mm&r=g\",\"url\":\"https:\\\/\\\/secure.gravatar.com\\\/avatar\\\/e92129ee3e54eb32ec690a01f73d3fdc3aea4863039355dabfba6ff94d844b46?s=96&d=mm&r=g\",\"contentUrl\":\"https:\\\/\\\/secure.gravatar.com\\\/avatar\\\/e92129ee3e54eb32ec690a01f73d3fdc3aea4863039355dabfba6ff94d844b46?s=96&d=mm&r=g\",\"caption\":\"sfih-holz\"},\"url\":\"https:\\\/\\\/www.holzfeuerungen-schweiz.ch\\\/fr\\\/author\\\/sfih-holz\"}]}<\/script>\n<!-- \/ Yoast SEO plugin. -->","yoast_head_json":{"title":"Konrad Imbach explique le r\u00f4le du bois pour la transition \u00e9nerg\u00e9tique - Holzfeuerungen Schweiz","robots":{"index":"index","follow":"follow","max-snippet":"max-snippet:-1","max-image-preview":"max-image-preview:large","max-video-preview":"max-video-preview:-1"},"canonical":"https:\/\/www.holzfeuerungen-schweiz.ch\/fr\/konrad-imbach-holzenergie-erleichtert-die-energiewende-2","og_locale":"fr_FR","og_type":"article","og_title":"Konrad Imbach explique le r\u00f4le du bois pour la transition \u00e9nerg\u00e9tique - Holzfeuerungen Schweiz","og_description":"Le bois-\u00e9nergie a gagn\u00e9 en actualit\u00e9 dans la discussion sur le r\u00e9chauffement climatique, la p\u00e9nurie d\u2019\u00e9lectricit\u00e9 en hiver et la transition \u00e9nerg\u00e9tique. Konrad Imbach, pr\u00e9sident de l\u2019association Energie-bois Suisse, se d\u00e9voue sans rel\u00e2che au d\u00e9veloppement de la deuxi\u00e8me plus importante ressource \u00e9nerg\u00e9tique du pays. Dans cet entretien, il souligne le read more...","og_url":"https:\/\/www.holzfeuerungen-schweiz.ch\/fr\/konrad-imbach-holzenergie-erleichtert-die-energiewende-2","og_site_name":"Holzfeuerungen Schweiz","article_publisher":"https:\/\/www.facebook.com\/Holzfeuerungen-Schweiz-107491968216764","article_published_time":"2022-01-13T11:12:44+00:00","article_modified_time":"2022-01-13T12:19:07+00:00","og_image":[{"width":640,"height":360,"url":"https:\/\/www.holzfeuerungen-schweiz.ch\/wp-content\/uploads\/2016\/07\/220110-heizzentrale-taegerwilen-1.jpg","type":"image\/jpeg"}],"author":"sfih-holz","twitter_card":"summary_large_image","twitter_misc":{"\u00c9crit par":"sfih-holz"},"schema":{"@context":"https:\/\/schema.org","@graph":[{"@type":"Article","@id":"https:\/\/www.holzfeuerungen-schweiz.ch\/fr\/konrad-imbach-holzenergie-erleichtert-die-energiewende-2#article","isPartOf":{"@id":"https:\/\/www.holzfeuerungen-schweiz.ch\/fr\/konrad-imbach-holzenergie-erleichtert-die-energiewende-2"},"author":{"name":"sfih-holz","@id":"https:\/\/www.holzfeuerungen-schweiz.ch\/fr\/#\/schema\/person\/4e90059ee188f07edbf2c48059df57d3"},"headline":"Konrad Imbach explique le r\u00f4le du bois pour la transition \u00e9nerg\u00e9tique","datePublished":"2022-01-13T11:12:44+00:00","dateModified":"2022-01-13T12:19:07+00:00","mainEntityOfPage":{"@id":"https:\/\/www.holzfeuerungen-schweiz.ch\/fr\/konrad-imbach-holzenergie-erleichtert-die-energiewende-2"},"wordCount":109,"commentCount":0,"publisher":{"@id":"https:\/\/www.holzfeuerungen-schweiz.ch\/fr\/#organization"},"image":{"@id":"https:\/\/www.holzfeuerungen-schweiz.ch\/fr\/konrad-imbach-holzenergie-erleichtert-die-energiewende-2#primaryimage"},"thumbnailUrl":"https:\/\/www.holzfeuerungen-schweiz.ch\/wp-content\/uploads\/2016\/07\/220110-heizzentrale-taegerwilen-1.jpg","inLanguage":"fr-FR","potentialAction":[{"@type":"CommentAction","name":"Comment","target":["https:\/\/www.holzfeuerungen-schweiz.ch\/fr\/konrad-imbach-holzenergie-erleichtert-die-energiewende-2#respond"]}]},{"@type":"WebPage","@id":"https:\/\/www.holzfeuerungen-schweiz.ch\/fr\/konrad-imbach-holzenergie-erleichtert-die-energiewende-2","url":"https:\/\/www.holzfeuerungen-schweiz.ch\/fr\/konrad-imbach-holzenergie-erleichtert-die-energiewende-2","name":"Konrad Imbach explique le r\u00f4le du bois pour la transition \u00e9nerg\u00e9tique - Holzfeuerungen Schweiz","isPartOf":{"@id":"https:\/\/www.holzfeuerungen-schweiz.ch\/fr\/#website"},"primaryImageOfPage":{"@id":"https:\/\/www.holzfeuerungen-schweiz.ch\/fr\/konrad-imbach-holzenergie-erleichtert-die-energiewende-2#primaryimage"},"image":{"@id":"https:\/\/www.holzfeuerungen-schweiz.ch\/fr\/konrad-imbach-holzenergie-erleichtert-die-energiewende-2#primaryimage"},"thumbnailUrl":"https:\/\/www.holzfeuerungen-schweiz.ch\/wp-content\/uploads\/2016\/07\/220110-heizzentrale-taegerwilen-1.jpg","datePublished":"2022-01-13T11:12:44+00:00","dateModified":"2022-01-13T12:19:07+00:00","breadcrumb":{"@id":"https:\/\/www.holzfeuerungen-schweiz.ch\/fr\/konrad-imbach-holzenergie-erleichtert-die-energiewende-2#breadcrumb"},"inLanguage":"fr-FR","potentialAction":[{"@type":"ReadAction","target":["https:\/\/www.holzfeuerungen-schweiz.ch\/fr\/konrad-imbach-holzenergie-erleichtert-die-energiewende-2"]}]},{"@type":"ImageObject","inLanguage":"fr-FR","@id":"https:\/\/www.holzfeuerungen-schweiz.ch\/fr\/konrad-imbach-holzenergie-erleichtert-die-energiewende-2#primaryimage","url":"https:\/\/www.holzfeuerungen-schweiz.ch\/wp-content\/uploads\/2016\/07\/220110-heizzentrale-taegerwilen-1.jpg","contentUrl":"https:\/\/www.holzfeuerungen-schweiz.ch\/wp-content\/uploads\/2016\/07\/220110-heizzentrale-taegerwilen-1.jpg","width":640,"height":360},{"@type":"BreadcrumbList","@id":"https:\/\/www.holzfeuerungen-schweiz.ch\/fr\/konrad-imbach-holzenergie-erleichtert-die-energiewende-2#breadcrumb","itemListElement":[{"@type":"ListItem","position":1,"name":"Startseite","item":"https:\/\/www.holzfeuerungen-schweiz.ch\/fr"},{"@type":"ListItem","position":2,"name":"Konrad Imbach explique le r\u00f4le du bois pour la transition \u00e9nerg\u00e9tique"}]},{"@type":"WebSite","@id":"https:\/\/www.holzfeuerungen-schweiz.ch\/fr\/#website","url":"https:\/\/www.holzfeuerungen-schweiz.ch\/fr\/","name":"Holzfeuerungen Schweiz","description":"","publisher":{"@id":"https:\/\/www.holzfeuerungen-schweiz.ch\/fr\/#organization"},"potentialAction":[{"@type":"SearchAction","target":{"@type":"EntryPoint","urlTemplate":"https:\/\/www.holzfeuerungen-schweiz.ch\/fr\/?s={search_term_string}"},"query-input":{"@type":"PropertyValueSpecification","valueRequired":true,"valueName":"search_term_string"}}],"inLanguage":"fr-FR"},{"@type":"Organization","@id":"https:\/\/www.holzfeuerungen-schweiz.ch\/fr\/#organization","name":"Holzfeuerungen Schweiz","url":"https:\/\/www.holzfeuerungen-schweiz.ch\/fr\/","logo":{"@type":"ImageObject","inLanguage":"fr-FR","@id":"https:\/\/www.holzfeuerungen-schweiz.ch\/fr\/#\/schema\/logo\/image\/","url":"https:\/\/www.holzfeuerungen-schweiz.ch\/wp-content\/uploads\/2016\/04\/logo-holzfeuerungen-schweiz-300-dpi.png","contentUrl":"https:\/\/www.holzfeuerungen-schweiz.ch\/wp-content\/uploads\/2016\/04\/logo-holzfeuerungen-schweiz-300-dpi.png","width":2052,"height":1280,"caption":"Holzfeuerungen Schweiz"},"image":{"@id":"https:\/\/www.holzfeuerungen-schweiz.ch\/fr\/#\/schema\/logo\/image\/"},"sameAs":["https:\/\/www.facebook.com\/Holzfeuerungen-Schweiz-107491968216764","https:\/\/www.linkedin.com\/company\/74027423\/admin\/","https:\/\/www.youtube.com\/watch?v=bvRtbBWWWrU"]},{"@type":"Person","@id":"https:\/\/www.holzfeuerungen-schweiz.ch\/fr\/#\/schema\/person\/4e90059ee188f07edbf2c48059df57d3","name":"sfih-holz","image":{"@type":"ImageObject","inLanguage":"fr-FR","@id":"https:\/\/secure.gravatar.com\/avatar\/e92129ee3e54eb32ec690a01f73d3fdc3aea4863039355dabfba6ff94d844b46?s=96&d=mm&r=g","url":"https:\/\/secure.gravatar.com\/avatar\/e92129ee3e54eb32ec690a01f73d3fdc3aea4863039355dabfba6ff94d844b46?s=96&d=mm&r=g","contentUrl":"https:\/\/secure.gravatar.com\/avatar\/e92129ee3e54eb32ec690a01f73d3fdc3aea4863039355dabfba6ff94d844b46?s=96&d=mm&r=g","caption":"sfih-holz"},"url":"https:\/\/www.holzfeuerungen-schweiz.ch\/fr\/author\/sfih-holz"}]}},"_links":{"self":[{"href":"https:\/\/www.holzfeuerungen-schweiz.ch\/fr\/wp-json\/wp\/v2\/posts\/4561","targetHints":{"allow":["GET"]}}],"collection":[{"href":"https:\/\/www.holzfeuerungen-schweiz.ch\/fr\/wp-json\/wp\/v2\/posts"}],"about":[{"href":"https:\/\/www.holzfeuerungen-schweiz.ch\/fr\/wp-json\/wp\/v2\/types\/post"}],"author":[{"embeddable":true,"href":"https:\/\/www.holzfeuerungen-schweiz.ch\/fr\/wp-json\/wp\/v2\/users\/6"}],"replies":[{"embeddable":true,"href":"https:\/\/www.holzfeuerungen-schweiz.ch\/fr\/wp-json\/wp\/v2\/comments?post=4561"}],"version-history":[{"count":4,"href":"https:\/\/www.holzfeuerungen-schweiz.ch\/fr\/wp-json\/wp\/v2\/posts\/4561\/revisions"}],"predecessor-version":[{"id":4573,"href":"https:\/\/www.holzfeuerungen-schweiz.ch\/fr\/wp-json\/wp\/v2\/posts\/4561\/revisions\/4573"}],"wp:featuredmedia":[{"embeddable":true,"href":"https:\/\/www.holzfeuerungen-schweiz.ch\/fr\/wp-json\/wp\/v2\/media\/4556"}],"wp:attachment":[{"href":"https:\/\/www.holzfeuerungen-schweiz.ch\/fr\/wp-json\/wp\/v2\/media?parent=4561"}],"wp:term":[{"taxonomy":"category","embeddable":true,"href":"https:\/\/www.holzfeuerungen-schweiz.ch\/fr\/wp-json\/wp\/v2\/categories?post=4561"},{"taxonomy":"post_tag","embeddable":true,"href":"https:\/\/www.holzfeuerungen-schweiz.ch\/fr\/wp-json\/wp\/v2\/tags?post=4561"}],"curies":[{"name":"wp","href":"https:\/\/api.w.org\/{rel}","templated":true}]}}